{"id":1134,"date":"2020-04-16T18:54:33","date_gmt":"2020-04-16T16:54:33","guid":{"rendered":"https:\/\/lapoussada.com\/?p=1134"},"modified":"2020-05-03T10:28:01","modified_gmt":"2020-05-03T08:28:01","slug":"nos-plages","status":"publish","type":"post","link":"https:\/\/lapoussada.com\/de\/nos-plages\/","title":{"rendered":"Unsere Str\u00e4nde und Teiche"},"content":{"rendered":"<p>La Poussada liegt im Herzen des Naturparks des Narbonnais und in der N\u00e4he zahlreicher Str\u00e4nde und Teiche.<br \/>\nDer \u00c9tang de la Palme gilt als \u00f6kologisches Modell mit einer au\u00dfergew\u00f6hnlichen Flora und Fauna. Er ist auch ein sehr angenehmer Ort zum Spazierengehen mit Blick auf die Salinen und ein renommierter Ort zum sicheren Kite- und Windsurfen. Am Ende der Salinen haben Sie Zugang zum Strand Plage du Rouet (auch Plage des Coussoules genannt), einem 12 km langen wilden Strand, der sowohl Badeg\u00e4ste als auch Sportler willkommen hei\u00dft. Dieser familienfreundliche Strand ist der ideale Ort, um eine Schatzsuche (nach Muscheln) zu veranstalten.<\/p>\n<p>Die Str\u00e4nde<br \/>\n- Le Rouet, Strand von La Palme<br \/>\n- Die Str\u00e4nde des Franqui<br \/>\n- Strand von Leucate<br \/>\n- Strand Plage des Pilotis (neben den Austernz\u00fcchtern von Leucate)<\/p>\n<p>Die Teiche<br \/>\n- Ein Besuch des Teichs und dann der Salinen in La Palme<br \/>\n- Eine Wanderung lohnt sich in Peyriac de mer<br \/>\n- Kajakfahren in Port Mahon<br \/>\n- Und ein obligatorischer Besuch im West Crew Center am Ufer des \u00c9tang de Leucate f\u00fcr einen Windsurfkurs, eine Fahrt mit dem SUP und um im Restaurant den ber\u00fchmten Mimo-Burger zu essen.<\/p>\n<p>&nbsp;<\/p>\n<!--themify_builder_content-->\n<div id=\"themify_builder_content-1134\" data-postid=\"1134\" class=\"themify_builder_content themify_builder_content-1134 themify_builder tf_clear\">\n                    <div  data-lazy=\"1\" class=\"module_row themify_builder_row tb_vhfd566 tb_first tf_w\">\n                        <div class=\"row_inner col_align_top tb_col_count_1 tf_box tf_rel\">\n                        <div  data-lazy=\"1\" class=\"module_column tb-column col-full tb_mm0e104 first\">\n                    <!-- module gallery -->\n<div  class=\"module gallery module-gallery tb_ul9c105 layout-grid\" data-lazy=\"1\">\n    <div class=\"module-gallery-grid\" style=\"--gald:2;--galt:2;--galm:2\">\n            <dl class=\"gallery-item\">\n            <dt class=\"gallery-icon\">\n            <a data-title=\"\" title=\"Das Spinnrad, Die Palme\" href=\"https:\/\/lapoussada.com\/wp-content\/uploads\/2020\/04\/le-rouet.jpeg\" data-rel=\"tb_ul9c105\" class=\"themify_lightbox\"><img loading=\"lazy\" decoding=\"async\" src=\"https:\/\/lapoussada.com\/wp-content\/uploads\/2020\/04\/le-rouet-1024x682-400x300.jpeg\" width=\"400\" height=\"300\" class=\"wp-post-image wp-image-1202\" title=\"das-Rad\" alt=\"das-Rad\"><\/a>            <\/dt>\n             \n                <dd class=\"wp-caption-text gallery-caption\">\n                                                                <span class=\"themify_image_caption\">Das Spinnrad, Die Palme<\/span>\n                                    <\/dd>\n                    <\/dl>\n            <dl class=\"gallery-item\">\n            <dt class=\"gallery-icon\">\n            <a data-title=\"\" title=\"Leukate Bereich\" href=\"https:\/\/lapoussada.com\/wp-content\/uploads\/2020\/03\/plage-leucate.jpg\" data-rel=\"tb_ul9c105\" class=\"themify_lightbox\"><img loading=\"lazy\" decoding=\"async\" src=\"https:\/\/lapoussada.com\/wp-content\/uploads\/2020\/03\/plage-leucate-1024x1024-400x300.jpg\" width=\"400\" height=\"300\" class=\"wp-post-image wp-image-748\" title=\"Strand-Bildung\" alt=\"Leukate Bereich\"><\/a>            <\/dt>\n             \n                <dd class=\"wp-caption-text gallery-caption\">\n                                                                <span class=\"themify_image_caption\">Leukate Bereich<\/span>\n                                    <\/dd>\n                    <\/dl>\n            <dl class=\"gallery-item\">\n            <dt class=\"gallery-icon\">\n            <a data-title=\"\" title=\"\" href=\"https:\/\/lapoussada.com\/wp-content\/uploads\/2020\/04\/etang-de-la-palme-3.jpg\" data-rel=\"tb_ul9c105\" class=\"themify_lightbox\"><img loading=\"lazy\" decoding=\"async\" src=\"https:\/\/lapoussada.com\/wp-content\/uploads\/2020\/04\/etang-de-la-palme-3-400x300.jpg\" width=\"400\" height=\"300\" class=\"wp-post-image wp-image-1095\" title=\"Palmenteich 3\" alt=\"Flora des Palmenteiches\"><\/a>            <\/dt>\n                    <\/dl>\n            <dl class=\"gallery-item\">\n            <dt class=\"gallery-icon\">\n            <a data-title=\"\" title=\"Palmen-Salzebenen\" href=\"https:\/\/lapoussada.com\/wp-content\/uploads\/2020\/04\/les-salins-la-palme-2.jpg\" data-rel=\"tb_ul9c105\" class=\"themify_lightbox\"><img loading=\"lazy\" decoding=\"async\" src=\"https:\/\/lapoussada.com\/wp-content\/uploads\/2020\/04\/les-salins-la-palme-2-400x300.jpg\" width=\"400\" height=\"300\" class=\"wp-post-image wp-image-1101\" title=\"les-salins-la-palme-2\" alt=\"Salz der Palme\" srcset=\"https:\/\/lapoussada.com\/wp-content\/uploads\/2020\/04\/les-salins-la-palme-2-400x300.jpg 400w, https:\/\/lapoussada.com\/wp-content\/uploads\/2020\/04\/les-salins-la-palme-2-300x225.jpg 300w, https:\/\/lapoussada.com\/wp-content\/uploads\/2020\/04\/les-salins-la-palme-2-768x576.jpg 768w, https:\/\/lapoussada.com\/wp-content\/uploads\/2020\/04\/les-salins-la-palme-2.jpg 1024w\" sizes=\"auto, (max-width: 400px) 100vw, 400px\" \/><\/a>            <\/dt>\n             \n                <dd class=\"wp-caption-text gallery-caption\">\n                                                                <span class=\"themify_image_caption\">Palmen-Salzebenen<\/span>\n                                    <\/dd>\n                    <\/dl>\n            <dl class=\"gallery-item\">\n            <dt class=\"gallery-icon\">\n            <a data-title=\"\" title=\"\" href=\"https:\/\/lapoussada.com\/wp-content\/uploads\/2020\/03\/Lever-de-soleil-le-rouet-scaled.jpg\" data-rel=\"tb_ul9c105\" class=\"themify_lightbox\"><img loading=\"lazy\" decoding=\"async\" src=\"https:\/\/lapoussada.com\/wp-content\/uploads\/2020\/03\/Lever-de-soleil-le-rouet-1024x683-400x300.jpg\" width=\"400\" height=\"300\" class=\"wp-post-image wp-image-809\" title=\"Lever-de-soleil-le-rouet\" alt=\"Rad-Strand, La Palme\"><\/a>            <\/dt>\n                    <\/dl>\n            <dl class=\"gallery-item\">\n            <dt class=\"gallery-icon\">\n            <a data-title=\"\" title=\"das Spinnrad, die Palme\" href=\"https:\/\/lapoussada.com\/wp-content\/uploads\/2020\/04\/le-rouet-2-scaled.jpg\" data-rel=\"tb_ul9c105\" class=\"themify_lightbox\"><img loading=\"lazy\" decoding=\"async\" src=\"https:\/\/lapoussada.com\/wp-content\/uploads\/2020\/04\/le-rouet-2-1024x681-400x300.jpg\" width=\"400\" height=\"300\" class=\"wp-post-image wp-image-1206\" title=\"das-rad-2\" alt=\"Das Spinnrad, die Palme\"><\/a>            <\/dt>\n             \n                <dd class=\"wp-caption-text gallery-caption\">\n                                                                <span class=\"themify_image_caption\">das Spinnrad, die Palme<\/span>\n                                    <\/dd>\n                    <\/dl>\n            <dl class=\"gallery-item\">\n            <dt class=\"gallery-icon\">\n            <a data-title=\"\" title=\"Peyriac-Teich\" href=\"https:\/\/lapoussada.com\/wp-content\/uploads\/2020\/03\/\u00e9tang-peyriac-1.jpg\" data-rel=\"tb_ul9c105\" class=\"themify_lightbox\"><img loading=\"lazy\" decoding=\"async\" src=\"https:\/\/lapoussada.com\/wp-content\/uploads\/2020\/03\/\u00e9tang-peyriac-1-1024x685-400x300.jpg\" width=\"400\" height=\"300\" class=\"wp-post-image wp-image-754\" title=\"Teichpyriak\" alt=\"Peyriac\"><\/a>            <\/dt>\n             \n                <dd class=\"wp-caption-text gallery-caption\">\n                                                                <span class=\"themify_image_caption\">Peyriac-Teich<\/span>\n                                    <\/dd>\n                    <\/dl>\n            <dl class=\"gallery-item\">\n            <dt class=\"gallery-icon\">\n            <a data-title=\"\" title=\"Les Coussoules\" href=\"https:\/\/lapoussada.com\/wp-content\/uploads\/2020\/03\/shutterstock_1419849389.jpg\" data-rel=\"tb_ul9c105\" class=\"themify_lightbox\"><img loading=\"lazy\" decoding=\"async\" src=\"https:\/\/lapoussada.com\/wp-content\/uploads\/2020\/03\/shutterstock_1419849389-1024x682-400x300.jpg\" width=\"400\" height=\"300\" class=\"wp-post-image wp-image-755\" title=\"Verschlussmaterial_1419849389\" alt=\"die Pads\"><\/a>            <\/dt>\n             \n                <dd class=\"wp-caption-text gallery-caption\">\n                                                                <span class=\"themify_image_caption\">Les Coussoules<\/span>\n                                    <\/dd>\n                    <\/dl>\n            <dl class=\"gallery-item\">\n            <dt class=\"gallery-icon\">\n            <a data-title=\"\" title=\"Etang de La Palme\" href=\"https:\/\/lapoussada.com\/wp-content\/uploads\/2020\/04\/flamants-roses-la-palme.jpg\" data-rel=\"tb_ul9c105\" class=\"themify_lightbox\"><img loading=\"lazy\" decoding=\"async\" src=\"https:\/\/lapoussada.com\/wp-content\/uploads\/2020\/04\/flamants-roses-la-palme-1024x681-400x300.jpg\" width=\"400\" height=\"300\" class=\"wp-post-image wp-image-1099\" title=\"flamingoes-roses-la-palme\" alt=\"Etang de la Palme und seine rosa Flamingos\"><\/a>            <\/dt>\n             \n                <dd class=\"wp-caption-text gallery-caption\">\n                                                                <span class=\"themify_image_caption\">Etang de La Palme<\/span>\n                                    <\/dd>\n                    <\/dl>\n            <dl class=\"gallery-item\">\n            <dt class=\"gallery-icon\">\n            <a data-title=\"\" title=\"la franqui\" href=\"https:\/\/lapoussada.com\/wp-content\/uploads\/2020\/03\/la-poussada-franqui-1.jpg\" data-rel=\"tb_ul9c105\" class=\"themify_lightbox\"><img loading=\"lazy\" decoding=\"async\" src=\"https:\/\/lapoussada.com\/wp-content\/uploads\/2020\/03\/la-poussada-franqui-1-1024x678-400x300.jpg\" width=\"400\" height=\"300\" class=\"wp-post-image wp-image-10\" title=\"la-poussada-franqui-1\" alt=\"Leukate Bereich\"><\/a>            <\/dt>\n             \n                <dd class=\"wp-caption-text gallery-caption\">\n                                                                <span class=\"themify_image_caption\">la franqui<\/span>\n                                    <\/dd>\n                    <\/dl>\n            <dl class=\"gallery-item\">\n            <dt class=\"gallery-icon\">\n            <a data-title=\"\" title=\"\" href=\"https:\/\/lapoussada.com\/wp-content\/uploads\/2020\/04\/etang2-la-palme.jpg\" data-rel=\"tb_ul9c105\" class=\"themify_lightbox\"><img loading=\"lazy\" decoding=\"async\" src=\"https:\/\/lapoussada.com\/wp-content\/uploads\/2020\/04\/etang2-la-palme-400x300.jpg\" width=\"400\" height=\"300\" class=\"wp-post-image wp-image-1097\" title=\"etang2-die-palme\" alt=\"Palmenteich\"><\/a>            <\/dt>\n                    <\/dl>\n            <dl class=\"gallery-item\">\n            <dt class=\"gallery-icon\">\n            <a data-title=\"\" title=\"\" href=\"https:\/\/lapoussada.com\/wp-content\/uploads\/2020\/04\/etang-languedoc.jpg\" data-rel=\"tb_ul9c105\" class=\"themify_lightbox\"><img loading=\"lazy\" decoding=\"async\" src=\"https:\/\/lapoussada.com\/wp-content\/uploads\/2020\/04\/etang-languedoc-1024x495-400x300.jpg\" width=\"400\" height=\"300\" class=\"wp-post-image wp-image-1096\" title=\"etang-languedoc\" alt=\"etang-languedoc\"><\/a>            <\/dt>\n                    <\/dl>\n            <dl class=\"gallery-item\">\n            <dt class=\"gallery-icon\">\n            <a data-title=\"\" title=\"\" href=\"https:\/\/lapoussada.com\/wp-content\/uploads\/2020\/03\/etang-leucate-la-poussada-1.jpg\" data-rel=\"tb_ul9c105\" class=\"themify_lightbox\"><img loading=\"lazy\" decoding=\"async\" src=\"https:\/\/lapoussada.com\/wp-content\/uploads\/2020\/03\/etang-leucate-la-poussada-1-1024x680-400x300.jpg\" width=\"400\" height=\"300\" class=\"wp-post-image wp-image-250\" title=\"etang-leucate-la-poussada-1\" alt=\"etang-leucate-la-poussada-1\"><\/a>            <\/dt>\n                    <\/dl>\n            <dl class=\"gallery-item\">\n            <dt class=\"gallery-icon\">\n            <a data-title=\"\" title=\"Teich Leucate und Canigou\" href=\"https:\/\/lapoussada.com\/wp-content\/uploads\/2020\/03\/canigou-leve-soleil--scaled.jpeg\" data-rel=\"tb_ul9c105\" class=\"themify_lightbox\"><img loading=\"lazy\" decoding=\"async\" src=\"https:\/\/lapoussada.com\/wp-content\/uploads\/2020\/03\/canigou-leve-soleil--1024x641-400x300.jpeg\" width=\"400\" height=\"300\" class=\"wp-post-image wp-image-720\" title=\"canigou-leve-soleil\" alt=\"der schneebedeckte Canigou\"><\/a>            <\/dt>\n             \n                <dd class=\"wp-caption-text gallery-caption\">\n                                                                <span class=\"themify_image_caption\">Teich Leucate und Canigou<\/span>\n                                    <\/dd>\n                    <\/dl>\n    <\/div>\n<\/div>\n<!-- \/module gallery -->        <\/div>\n                        <\/div>\n        <\/div>\n        <\/div>\n<!--\/themify_builder_content-->","protected":false},"excerpt":{"rendered":"<p>Situ\u00e9 au coeur du parc naturel du narbonnais, La Poussada est proche de nombreuses plages et \u00e9tangs. L&rsquo;\u00e9tang de la Palme est consid\u00e9r\u00e9 comme un mod\u00e8le \u00e9cologique avec une faune et une flore exceptionnelles. Il est aussi un lieu tr\u00e8s agr\u00e9able pour se promener avec une vue sur les Salins et un site renomm\u00e9 pour [&hellip;]<\/p>\n","protected":false},"author":1,"featured_media":1135,"comment_status":"open","ping_status":"open","sticky":false,"template":"","format":"standard","meta":{"_monsterinsights_skip_tracking":false,"_monsterinsights_sitenote_active":false,"_monsterinsights_sitenote_note":"","_monsterinsights_sitenote_category":0,"footnotes":""},"categories":[13,8,5,9,15],"tags":[],"class_list":["post-1134","post","type-post","status-publish","format-standard","has-post-thumbnail","hentry","category-kite","category-la-palme-et-ses-alentours","category-sports","category-nature","category-vtt","has-post-title","has-post-date","has-post-category","has-post-tag","has-post-comment","has-post-author",""],"yoast_head":"<!-- This site is optimized with the Yoast SEO plugin v27.5 - https:\/\/yoast.com\/product\/yoast-seo-wordpress\/ -->\n<title>Nos plages et nos \u00e9tangs - La Poussada<\/title>\n<meta name=\"robots\" content=\"index, follow, max-snippet:-1, max-image-preview:large, max-video-preview:-1\" \/>\n<link rel=\"canonical\" href=\"https:\/\/lapoussada.com\/de\/nos-plages\/\" \/>\n<meta property=\"og:locale\" content=\"de_DE\" \/>\n<meta property=\"og:type\" content=\"article\" \/>\n<meta property=\"og:title\" content=\"Nos plages et nos \u00e9tangs - La Poussada\" \/>\n<meta property=\"og:description\" content=\"Situ\u00e9 au coeur du parc naturel du narbonnais, La Poussada est proche de nombreuses plages et \u00e9tangs. L&rsquo;\u00e9tang de la Palme est consid\u00e9r\u00e9 comme un mod\u00e8le \u00e9cologique avec une faune et une flore exceptionnelles. Il est aussi un lieu tr\u00e8s agr\u00e9able pour se promener avec une vue sur les Salins et un site renomm\u00e9 pour [&hellip;]\" \/>\n<meta property=\"og:url\" content=\"https:\/\/lapoussada.com\/de\/nos-plages\/\" \/>\n<meta property=\"og:site_name\" content=\"La Poussada\" \/>\n<meta property=\"article:published_time\" content=\"2020-04-16T16:54:33+00:00\" \/>\n<meta property=\"article:modified_time\" content=\"2020-05-03T08:28:01+00:00\" \/>\n<meta property=\"og:image\" content=\"https:\/\/lapoussada.com\/wp-content\/uploads\/2020\/04\/plage-2-leucate.jpg\" \/>\n\t<meta property=\"og:image:width\" content=\"2000\" \/>\n\t<meta property=\"og:image:height\" content=\"1335\" \/>\n\t<meta property=\"og:image:type\" content=\"image\/jpeg\" \/>\n<meta name=\"author\" content=\"Compte\" \/>\n<meta name=\"twitter:card\" content=\"summary_large_image\" \/>\n<meta name=\"twitter:label1\" content=\"Verfasst von\" \/>\n\t<meta name=\"twitter:data1\" content=\"Compte\" \/>\n\t<meta name=\"twitter:label2\" content=\"Gesch\u00e4tzte Lesezeit\" \/>\n\t<meta name=\"twitter:data2\" content=\"1\u00a0Minute\" \/>\n<script type=\"application\/ld+json\" class=\"yoast-schema-graph\">{\"@context\":\"https:\\\/\\\/schema.org\",\"@graph\":[{\"@type\":\"Article\",\"@id\":\"https:\\\/\\\/lapoussada.com\\\/nos-plages\\\/#article\",\"isPartOf\":{\"@id\":\"https:\\\/\\\/lapoussada.com\\\/nos-plages\\\/\"},\"author\":{\"name\":\"Compte\",\"@id\":\"https:\\\/\\\/lapoussada.com\\\/#\\\/schema\\\/person\\\/a464b777f532bbbd699c97b6cb6c9c8a\"},\"headline\":\"Nos plages et nos \u00e9tangs\",\"datePublished\":\"2020-04-16T16:54:33+00:00\",\"dateModified\":\"2020-05-03T08:28:01+00:00\",\"mainEntityOfPage\":{\"@id\":\"https:\\\/\\\/lapoussada.com\\\/nos-plages\\\/\"},\"wordCount\":217,\"commentCount\":0,\"image\":{\"@id\":\"https:\\\/\\\/lapoussada.com\\\/nos-plages\\\/#primaryimage\"},\"thumbnailUrl\":\"https:\\\/\\\/lapoussada.com\\\/wp-content\\\/uploads\\\/2020\\\/04\\\/plage-2-leucate.jpg\",\"articleSection\":[\"Kite\",\"La Palme\",\"Nature\",\"Sport\",\"VTT\"],\"inLanguage\":\"de\",\"potentialAction\":[{\"@type\":\"CommentAction\",\"name\":\"Comment\",\"target\":[\"https:\\\/\\\/lapoussada.com\\\/nos-plages\\\/#respond\"]}]},{\"@type\":\"WebPage\",\"@id\":\"https:\\\/\\\/lapoussada.com\\\/nos-plages\\\/\",\"url\":\"https:\\\/\\\/lapoussada.com\\\/nos-plages\\\/\",\"name\":\"Nos plages et nos \u00e9tangs - La Poussada\",\"isPartOf\":{\"@id\":\"https:\\\/\\\/lapoussada.com\\\/#website\"},\"primaryImageOfPage\":{\"@id\":\"https:\\\/\\\/lapoussada.com\\\/nos-plages\\\/#primaryimage\"},\"image\":{\"@id\":\"https:\\\/\\\/lapoussada.com\\\/nos-plages\\\/#primaryimage\"},\"thumbnailUrl\":\"https:\\\/\\\/lapoussada.com\\\/wp-content\\\/uploads\\\/2020\\\/04\\\/plage-2-leucate.jpg\",\"datePublished\":\"2020-04-16T16:54:33+00:00\",\"dateModified\":\"2020-05-03T08:28:01+00:00\",\"author\":{\"@id\":\"https:\\\/\\\/lapoussada.com\\\/#\\\/schema\\\/person\\\/a464b777f532bbbd699c97b6cb6c9c8a\"},\"breadcrumb\":{\"@id\":\"https:\\\/\\\/lapoussada.com\\\/nos-plages\\\/#breadcrumb\"},\"inLanguage\":\"de\",\"potentialAction\":[{\"@type\":\"ReadAction\",\"target\":[\"https:\\\/\\\/lapoussada.com\\\/nos-plages\\\/\"]}]},{\"@type\":\"ImageObject\",\"inLanguage\":\"de\",\"@id\":\"https:\\\/\\\/lapoussada.com\\\/nos-plages\\\/#primaryimage\",\"url\":\"https:\\\/\\\/lapoussada.com\\\/wp-content\\\/uploads\\\/2020\\\/04\\\/plage-2-leucate.jpg\",\"contentUrl\":\"https:\\\/\\\/lapoussada.com\\\/wp-content\\\/uploads\\\/2020\\\/04\\\/plage-2-leucate.jpg\",\"width\":2000,\"height\":1335,\"caption\":\"leucate plage\"},{\"@type\":\"BreadcrumbList\",\"@id\":\"https:\\\/\\\/lapoussada.com\\\/nos-plages\\\/#breadcrumb\",\"itemListElement\":[{\"@type\":\"ListItem\",\"position\":1,\"name\":\"Accueil\",\"item\":\"https:\\\/\\\/lapoussada.com\\\/\"},{\"@type\":\"ListItem\",\"position\":2,\"name\":\"Nos plages et nos \u00e9tangs\"}]},{\"@type\":\"WebSite\",\"@id\":\"https:\\\/\\\/lapoussada.com\\\/#website\",\"url\":\"https:\\\/\\\/lapoussada.com\\\/\",\"name\":\"La Poussada\",\"description\":\"Location de g\u00eetes \u00e9cologiques \u00e0 La Palme, Aude\",\"potentialAction\":[{\"@type\":\"SearchAction\",\"target\":{\"@type\":\"EntryPoint\",\"urlTemplate\":\"https:\\\/\\\/lapoussada.com\\\/?s={search_term_string}\"},\"query-input\":{\"@type\":\"PropertyValueSpecification\",\"valueRequired\":true,\"valueName\":\"search_term_string\"}}],\"inLanguage\":\"de\"},{\"@type\":\"Person\",\"@id\":\"https:\\\/\\\/lapoussada.com\\\/#\\\/schema\\\/person\\\/a464b777f532bbbd699c97b6cb6c9c8a\",\"name\":\"Compte\",\"image\":{\"@type\":\"ImageObject\",\"inLanguage\":\"de\",\"@id\":\"https:\\\/\\\/secure.gravatar.com\\\/avatar\\\/110b9338127771e904735ac929413d05bf967b1b85b591d3208477d2c604f786?s=96&d=mm&r=g\",\"url\":\"https:\\\/\\\/secure.gravatar.com\\\/avatar\\\/110b9338127771e904735ac929413d05bf967b1b85b591d3208477d2c604f786?s=96&d=mm&r=g\",\"contentUrl\":\"https:\\\/\\\/secure.gravatar.com\\\/avatar\\\/110b9338127771e904735ac929413d05bf967b1b85b591d3208477d2c604f786?s=96&d=mm&r=g\",\"caption\":\"Compte\"},\"url\":\"https:\\\/\\\/lapoussada.com\\\/de\\\/author\\\/admin9195\\\/\"}]}<\/script>\n<!-- \/ Yoast SEO plugin. -->","yoast_head_json":{"title":"Unsere Str\u00e4nde und Teiche - La Poussada","robots":{"index":"index","follow":"follow","max-snippet":"max-snippet:-1","max-image-preview":"max-image-preview:large","max-video-preview":"max-video-preview:-1"},"canonical":"https:\/\/lapoussada.com\/de\/nos-plages\/","og_locale":"de_DE","og_type":"article","og_title":"Nos plages et nos \u00e9tangs - La Poussada","og_description":"Situ\u00e9 au coeur du parc naturel du narbonnais, La Poussada est proche de nombreuses plages et \u00e9tangs. L&rsquo;\u00e9tang de la Palme est consid\u00e9r\u00e9 comme un mod\u00e8le \u00e9cologique avec une faune et une flore exceptionnelles. Il est aussi un lieu tr\u00e8s agr\u00e9able pour se promener avec une vue sur les Salins et un site renomm\u00e9 pour [&hellip;]","og_url":"https:\/\/lapoussada.com\/de\/nos-plages\/","og_site_name":"La Poussada","article_published_time":"2020-04-16T16:54:33+00:00","article_modified_time":"2020-05-03T08:28:01+00:00","og_image":[{"width":2000,"height":1335,"url":"https:\/\/lapoussada.com\/wp-content\/uploads\/2020\/04\/plage-2-leucate.jpg","type":"image\/jpeg"}],"author":"Compte","twitter_card":"summary_large_image","twitter_misc":{"Verfasst von":"Compte","Gesch\u00e4tzte Lesezeit":"1\u00a0Minute"},"schema":{"@context":"https:\/\/schema.org","@graph":[{"@type":"Article","@id":"https:\/\/lapoussada.com\/nos-plages\/#article","isPartOf":{"@id":"https:\/\/lapoussada.com\/nos-plages\/"},"author":{"name":"Compte","@id":"https:\/\/lapoussada.com\/#\/schema\/person\/a464b777f532bbbd699c97b6cb6c9c8a"},"headline":"Nos plages et nos \u00e9tangs","datePublished":"2020-04-16T16:54:33+00:00","dateModified":"2020-05-03T08:28:01+00:00","mainEntityOfPage":{"@id":"https:\/\/lapoussada.com\/nos-plages\/"},"wordCount":217,"commentCount":0,"image":{"@id":"https:\/\/lapoussada.com\/nos-plages\/#primaryimage"},"thumbnailUrl":"https:\/\/lapoussada.com\/wp-content\/uploads\/2020\/04\/plage-2-leucate.jpg","articleSection":["Kite","La Palme","Nature","Sport","VTT"],"inLanguage":"de","potentialAction":[{"@type":"CommentAction","name":"Comment","target":["https:\/\/lapoussada.com\/nos-plages\/#respond"]}]},{"@type":"WebPage","@id":"https:\/\/lapoussada.com\/nos-plages\/","url":"https:\/\/lapoussada.com\/nos-plages\/","name":"Unsere Str\u00e4nde und Teiche - La Poussada","isPartOf":{"@id":"https:\/\/lapoussada.com\/#website"},"primaryImageOfPage":{"@id":"https:\/\/lapoussada.com\/nos-plages\/#primaryimage"},"image":{"@id":"https:\/\/lapoussada.com\/nos-plages\/#primaryimage"},"thumbnailUrl":"https:\/\/lapoussada.com\/wp-content\/uploads\/2020\/04\/plage-2-leucate.jpg","datePublished":"2020-04-16T16:54:33+00:00","dateModified":"2020-05-03T08:28:01+00:00","author":{"@id":"https:\/\/lapoussada.com\/#\/schema\/person\/a464b777f532bbbd699c97b6cb6c9c8a"},"breadcrumb":{"@id":"https:\/\/lapoussada.com\/nos-plages\/#breadcrumb"},"inLanguage":"de","potentialAction":[{"@type":"ReadAction","target":["https:\/\/lapoussada.com\/nos-plages\/"]}]},{"@type":"ImageObject","inLanguage":"de","@id":"https:\/\/lapoussada.com\/nos-plages\/#primaryimage","url":"https:\/\/lapoussada.com\/wp-content\/uploads\/2020\/04\/plage-2-leucate.jpg","contentUrl":"https:\/\/lapoussada.com\/wp-content\/uploads\/2020\/04\/plage-2-leucate.jpg","width":2000,"height":1335,"caption":"leucate plage"},{"@type":"BreadcrumbList","@id":"https:\/\/lapoussada.com\/nos-plages\/#breadcrumb","itemListElement":[{"@type":"ListItem","position":1,"name":"Accueil","item":"https:\/\/lapoussada.com\/"},{"@type":"ListItem","position":2,"name":"Nos plages et nos \u00e9tangs"}]},{"@type":"WebSite","@id":"https:\/\/lapoussada.com\/#website","url":"https:\/\/lapoussada.com\/","name":"Die Poussada","description":"\u00d6kologische Ferienwohnungen zu mieten in La Palme, Aude","potentialAction":[{"@type":"SearchAction","target":{"@type":"EntryPoint","urlTemplate":"https:\/\/lapoussada.com\/?s={search_term_string}"},"query-input":{"@type":"PropertyValueSpecification","valueRequired":true,"valueName":"search_term_string"}}],"inLanguage":"de"},{"@type":"Person","@id":"https:\/\/lapoussada.com\/#\/schema\/person\/a464b777f532bbbd699c97b6cb6c9c8a","name":"Konto","image":{"@type":"ImageObject","inLanguage":"de","@id":"https:\/\/secure.gravatar.com\/avatar\/110b9338127771e904735ac929413d05bf967b1b85b591d3208477d2c604f786?s=96&d=mm&r=g","url":"https:\/\/secure.gravatar.com\/avatar\/110b9338127771e904735ac929413d05bf967b1b85b591d3208477d2c604f786?s=96&d=mm&r=g","contentUrl":"https:\/\/secure.gravatar.com\/avatar\/110b9338127771e904735ac929413d05bf967b1b85b591d3208477d2c604f786?s=96&d=mm&r=g","caption":"Compte"},"url":"https:\/\/lapoussada.com\/de\/author\/admin9195\/"}]}},"builder_content":"[gallery ids=\"1202,748,1095,1101,809,1206,754,755,1099,10,1097,1096,250,720\"]","_links":{"self":[{"href":"https:\/\/lapoussada.com\/de\/wp-json\/wp\/v2\/posts\/1134","targetHints":{"allow":["GET"]}}],"collection":[{"href":"https:\/\/lapoussada.com\/de\/wp-json\/wp\/v2\/posts"}],"about":[{"href":"https:\/\/lapoussada.com\/de\/wp-json\/wp\/v2\/types\/post"}],"author":[{"embeddable":true,"href":"https:\/\/lapoussada.com\/de\/wp-json\/wp\/v2\/users\/1"}],"replies":[{"embeddable":true,"href":"https:\/\/lapoussada.com\/de\/wp-json\/wp\/v2\/comments?post=1134"}],"version-history":[{"count":5,"href":"https:\/\/lapoussada.com\/de\/wp-json\/wp\/v2\/posts\/1134\/revisions"}],"predecessor-version":[{"id":1222,"href":"https:\/\/lapoussada.com\/de\/wp-json\/wp\/v2\/posts\/1134\/revisions\/1222"}],"wp:featuredmedia":[{"embeddable":true,"href":"https:\/\/lapoussada.com\/de\/wp-json\/wp\/v2\/media\/1135"}],"wp:attachment":[{"href":"https:\/\/lapoussada.com\/de\/wp-json\/wp\/v2\/media?parent=1134"}],"wp:term":[{"taxonomy":"category","embeddable":true,"href":"https:\/\/lapoussada.com\/de\/wp-json\/wp\/v2\/categories?post=1134"},{"taxonomy":"post_tag","embeddable":true,"href":"https:\/\/lapoussada.com\/de\/wp-json\/wp\/v2\/tags?post=1134"}],"curies":[{"name":"wp","href":"https:\/\/api.w.org\/{rel}","templated":true}]}}