{"id":1156,"date":"2020-04-20T17:27:21","date_gmt":"2020-04-20T15:27:21","guid":{"rendered":"https:\/\/lapoussada.com\/?p=1156"},"modified":"2020-05-14T12:03:33","modified_gmt":"2020-05-14T10:03:33","slug":"evenements-de-glisse","status":"publish","type":"post","link":"https:\/\/lapoussada.com\/de\/evenements-de-glisse\/","title":{"rendered":"Gleitende Ereignisse"},"content":{"rendered":"<p>Die Region ist bei Windsurfern f\u00fcr die Winde bekannt, die \u00fcber die Spots fegen. Dies erm\u00f6glicht es Str\u00e4nden wie La Franqui und Gruissan, Kitesurf- und Windsurf-Events und -Wettbewerbe auszurichten.<\/p>\n<p>*Die Wind Challenge und die Kite Challenge - 1200 Teilnehmer f\u00fcr Windsurfen und 400 f\u00fcr Kitesurfen, Amateure und Profis sind in Gruissan an der Startlinie, um etwa zehn Kilometer zur\u00fcckzulegen. Eine Horde farbenfroher Segel spaltet auf einer Rundfahrt Gruissan-Port-La-Nouvelle das Meer.<br \/>\n<a href=\"https:\/\/www.youtube.com\/watch?v=Lp7MCynJJRQ\" target=\"_blank\" rel=\"noopener noreferrer\">https:\/\/www.youtube.com\/watch?v=Lp7MCynJJRQ<\/a><\/p>\n<p>&nbsp;<\/p>\n<p>*der Mondial du Vent - Der Mondial du Vent ist in der Welt des Segelfliegens sehr bekannt. Der Mondial du Vent ist ein Festival, bei dem Kitesurfer und Windsurfer eine Woche lang bei Show-Events den Platz von La Franqui einnehmen. Freestyle, Geschwindigkeit und Fl\u00fcge stehen auf dem Programm.<br \/>\n<a href=\"http:\/\/www.mondialduvent.fr\/\" target=\"_blank\" rel=\"noopener noreferrer\">http:\/\/www.mondialduvent.fr\/<\/a><\/p>\n<p><a href=\"https:\/\/www.youtube.com\/watch?time_continue=4&amp;v=g4bfe8D40jU&amp;feature=emb_title\" target=\"_blank\" rel=\"noopener noreferrer\">https:\/\/www.youtube.com\/watch?time_continue=4&amp;v=g4bfe8D40jU&amp;feature=emb_title<\/a><!--themify_builder_content-->\n<div id=\"themify_builder_content-1156\" data-postid=\"1156\" class=\"themify_builder_content themify_builder_content-1156 themify_builder tf_clear\">\n                    <div  data-lazy=\"1\" class=\"module_row themify_builder_row tb_m1w5497 tb_first tf_w\">\n                        <div class=\"row_inner col_align_top tb_col_count_1 tf_box tf_rel\">\n                        <div  data-lazy=\"1\" class=\"module_column tb-column col-full tb_px2s416 first\">\n                    <!-- module gallery -->\n<div  class=\"module gallery module-gallery tb_d4i5417 layout-grid\" data-lazy=\"1\">\n    <div class=\"module-gallery-grid\" style=\"--gald:2;--galt:2;--galm:2\">\n            <dl class=\"gallery-item\">\n            <dt class=\"gallery-icon\">\n            <a data-title=\"\" title=\"\" href=\"https:\/\/lapoussada.com\/wp-content\/uploads\/2020\/05\/fleur-garrigue-1.jpg\" data-rel=\"tb_d4i5417\" class=\"themify_lightbox\"><img loading=\"lazy\" decoding=\"async\" src=\"https:\/\/lapoussada.com\/wp-content\/uploads\/2020\/05\/fleur-garrigue-1-400x300.jpg\" width=\"400\" height=\"300\" class=\"wp-post-image wp-image-1308\" title=\"fleur-garrigue\" alt=\"fleur-garrigue\"><\/a>            <\/dt>\n                    <\/dl>\n    <\/div>\n<\/div>\n<!-- \/module gallery -->        <\/div>\n                        <\/div>\n        <\/div>\n        <\/div>\n<!--\/themify_builder_content-->","protected":false},"excerpt":{"rendered":"<p>La r\u00e9gion est connue par les amateurs de glisse pour les vents qui balaient les spots. Ceci permet alors \u00e0 des plages comme celles de La Franqui et Gruissan d&rsquo;accueillir des \u00e9v\u00e9nements et comp\u00e9titions de kitesurf et windsurf. *le D\u00e9fi-Wind et le D\u00e9fi-Kite &#8211; 1200 participants pour le windsurf et 400 pour le kitesurf, amateurs [&hellip;]<\/p>\n","protected":false},"author":1,"featured_media":1157,"comment_status":"open","ping_status":"open","sticky":false,"template":"","format":"standard","meta":{"_monsterinsights_skip_tracking":false,"_monsterinsights_sitenote_active":false,"_monsterinsights_sitenote_note":"","_monsterinsights_sitenote_category":0,"footnotes":""},"categories":[13,5,1,9,17],"tags":[],"class_list":["post-1156","post","type-post","status-publish","format-standard","has-post-thumbnail","hentry","category-kite","category-sports","category-non-classe","category-nature","category-windsurf","has-post-title","has-post-date","has-post-category","has-post-tag","has-post-comment","has-post-author",""],"yoast_head":"<!-- This site is optimized with the Yoast SEO plugin v27.5 - https:\/\/yoast.com\/product\/yoast-seo-wordpress\/ -->\n<title>\u00c9v\u00e9nements de Glisse - La Poussada<\/title>\n<meta name=\"robots\" content=\"index, follow, max-snippet:-1, max-image-preview:large, max-video-preview:-1\" \/>\n<link rel=\"canonical\" href=\"https:\/\/lapoussada.com\/de\/evenements-de-glisse\/\" \/>\n<meta property=\"og:locale\" content=\"de_DE\" \/>\n<meta property=\"og:type\" content=\"article\" \/>\n<meta property=\"og:title\" content=\"\u00c9v\u00e9nements de Glisse - La Poussada\" \/>\n<meta property=\"og:description\" content=\"La r\u00e9gion est connue par les amateurs de glisse pour les vents qui balaient les spots. Ceci permet alors \u00e0 des plages comme celles de La Franqui et Gruissan d&rsquo;accueillir des \u00e9v\u00e9nements et comp\u00e9titions de kitesurf et windsurf. *le D\u00e9fi-Wind et le D\u00e9fi-Kite &#8211; 1200 participants pour le windsurf et 400 pour le kitesurf, amateurs [&hellip;]\" \/>\n<meta property=\"og:url\" content=\"https:\/\/lapoussada.com\/de\/evenements-de-glisse\/\" \/>\n<meta property=\"og:site_name\" content=\"La Poussada\" \/>\n<meta property=\"article:published_time\" content=\"2020-04-20T15:27:21+00:00\" \/>\n<meta property=\"article:modified_time\" content=\"2020-05-14T10:03:33+00:00\" \/>\n<meta property=\"og:image\" content=\"https:\/\/lapoussada.com\/wp-content\/uploads\/2020\/04\/defi-kite-gruissan.jpg\" \/>\n\t<meta property=\"og:image:width\" content=\"1024\" \/>\n\t<meta property=\"og:image:height\" content=\"1021\" \/>\n\t<meta property=\"og:image:type\" content=\"image\/jpeg\" \/>\n<meta name=\"author\" content=\"Compte\" \/>\n<meta name=\"twitter:card\" content=\"summary_large_image\" \/>\n<meta name=\"twitter:label1\" content=\"Verfasst von\" \/>\n\t<meta name=\"twitter:data1\" content=\"Compte\" \/>\n\t<meta name=\"twitter:label2\" content=\"Gesch\u00e4tzte Lesezeit\" \/>\n\t<meta name=\"twitter:data2\" content=\"1\u00a0Minute\" \/>\n<script type=\"application\/ld+json\" class=\"yoast-schema-graph\">{\"@context\":\"https:\\\/\\\/schema.org\",\"@graph\":[{\"@type\":\"Article\",\"@id\":\"https:\\\/\\\/lapoussada.com\\\/evenements-de-glisse\\\/#article\",\"isPartOf\":{\"@id\":\"https:\\\/\\\/lapoussada.com\\\/evenements-de-glisse\\\/\"},\"author\":{\"name\":\"Compte\",\"@id\":\"https:\\\/\\\/lapoussada.com\\\/#\\\/schema\\\/person\\\/a464b777f532bbbd699c97b6cb6c9c8a\"},\"headline\":\"\u00c9v\u00e9nements de Glisse\",\"datePublished\":\"2020-04-20T15:27:21+00:00\",\"dateModified\":\"2020-05-14T10:03:33+00:00\",\"mainEntityOfPage\":{\"@id\":\"https:\\\/\\\/lapoussada.com\\\/evenements-de-glisse\\\/\"},\"wordCount\":169,\"commentCount\":0,\"image\":{\"@id\":\"https:\\\/\\\/lapoussada.com\\\/evenements-de-glisse\\\/#primaryimage\"},\"thumbnailUrl\":\"https:\\\/\\\/lapoussada.com\\\/wp-content\\\/uploads\\\/2020\\\/04\\\/defi-kite-gruissan.jpg\",\"articleSection\":[\"Kite\",\"Nature\",\"Non class\u00e9\",\"Sport\",\"Windsurf\"],\"inLanguage\":\"de\",\"potentialAction\":[{\"@type\":\"CommentAction\",\"name\":\"Comment\",\"target\":[\"https:\\\/\\\/lapoussada.com\\\/evenements-de-glisse\\\/#respond\"]}]},{\"@type\":\"WebPage\",\"@id\":\"https:\\\/\\\/lapoussada.com\\\/evenements-de-glisse\\\/\",\"url\":\"https:\\\/\\\/lapoussada.com\\\/evenements-de-glisse\\\/\",\"name\":\"\u00c9v\u00e9nements de Glisse - La Poussada\",\"isPartOf\":{\"@id\":\"https:\\\/\\\/lapoussada.com\\\/#website\"},\"primaryImageOfPage\":{\"@id\":\"https:\\\/\\\/lapoussada.com\\\/evenements-de-glisse\\\/#primaryimage\"},\"image\":{\"@id\":\"https:\\\/\\\/lapoussada.com\\\/evenements-de-glisse\\\/#primaryimage\"},\"thumbnailUrl\":\"https:\\\/\\\/lapoussada.com\\\/wp-content\\\/uploads\\\/2020\\\/04\\\/defi-kite-gruissan.jpg\",\"datePublished\":\"2020-04-20T15:27:21+00:00\",\"dateModified\":\"2020-05-14T10:03:33+00:00\",\"author\":{\"@id\":\"https:\\\/\\\/lapoussada.com\\\/#\\\/schema\\\/person\\\/a464b777f532bbbd699c97b6cb6c9c8a\"},\"breadcrumb\":{\"@id\":\"https:\\\/\\\/lapoussada.com\\\/evenements-de-glisse\\\/#breadcrumb\"},\"inLanguage\":\"de\",\"potentialAction\":[{\"@type\":\"ReadAction\",\"target\":[\"https:\\\/\\\/lapoussada.com\\\/evenements-de-glisse\\\/\"]}]},{\"@type\":\"ImageObject\",\"inLanguage\":\"de\",\"@id\":\"https:\\\/\\\/lapoussada.com\\\/evenements-de-glisse\\\/#primaryimage\",\"url\":\"https:\\\/\\\/lapoussada.com\\\/wp-content\\\/uploads\\\/2020\\\/04\\\/defi-kite-gruissan.jpg\",\"contentUrl\":\"https:\\\/\\\/lapoussada.com\\\/wp-content\\\/uploads\\\/2020\\\/04\\\/defi-kite-gruissan.jpg\",\"width\":1024,\"height\":1021},{\"@type\":\"BreadcrumbList\",\"@id\":\"https:\\\/\\\/lapoussada.com\\\/evenements-de-glisse\\\/#breadcrumb\",\"itemListElement\":[{\"@type\":\"ListItem\",\"position\":1,\"name\":\"Accueil\",\"item\":\"https:\\\/\\\/lapoussada.com\\\/\"},{\"@type\":\"ListItem\",\"position\":2,\"name\":\"\u00c9v\u00e9nements de Glisse\"}]},{\"@type\":\"WebSite\",\"@id\":\"https:\\\/\\\/lapoussada.com\\\/#website\",\"url\":\"https:\\\/\\\/lapoussada.com\\\/\",\"name\":\"La Poussada\",\"description\":\"Location de g\u00eetes \u00e9cologiques \u00e0 La Palme, Aude\",\"potentialAction\":[{\"@type\":\"SearchAction\",\"target\":{\"@type\":\"EntryPoint\",\"urlTemplate\":\"https:\\\/\\\/lapoussada.com\\\/?s={search_term_string}\"},\"query-input\":{\"@type\":\"PropertyValueSpecification\",\"valueRequired\":true,\"valueName\":\"search_term_string\"}}],\"inLanguage\":\"de\"},{\"@type\":\"Person\",\"@id\":\"https:\\\/\\\/lapoussada.com\\\/#\\\/schema\\\/person\\\/a464b777f532bbbd699c97b6cb6c9c8a\",\"name\":\"Compte\",\"image\":{\"@type\":\"ImageObject\",\"inLanguage\":\"de\",\"@id\":\"https:\\\/\\\/secure.gravatar.com\\\/avatar\\\/110b9338127771e904735ac929413d05bf967b1b85b591d3208477d2c604f786?s=96&d=mm&r=g\",\"url\":\"https:\\\/\\\/secure.gravatar.com\\\/avatar\\\/110b9338127771e904735ac929413d05bf967b1b85b591d3208477d2c604f786?s=96&d=mm&r=g\",\"contentUrl\":\"https:\\\/\\\/secure.gravatar.com\\\/avatar\\\/110b9338127771e904735ac929413d05bf967b1b85b591d3208477d2c604f786?s=96&d=mm&r=g\",\"caption\":\"Compte\"},\"url\":\"https:\\\/\\\/lapoussada.com\\\/de\\\/author\\\/admin9195\\\/\"}]}<\/script>\n<!-- \/ Yoast SEO plugin. -->","yoast_head_json":{"title":"Gleitende Ereignisse - La Poussada","robots":{"index":"index","follow":"follow","max-snippet":"max-snippet:-1","max-image-preview":"max-image-preview:large","max-video-preview":"max-video-preview:-1"},"canonical":"https:\/\/lapoussada.com\/de\/evenements-de-glisse\/","og_locale":"de_DE","og_type":"article","og_title":"\u00c9v\u00e9nements de Glisse - La Poussada","og_description":"La r\u00e9gion est connue par les amateurs de glisse pour les vents qui balaient les spots. Ceci permet alors \u00e0 des plages comme celles de La Franqui et Gruissan d&rsquo;accueillir des \u00e9v\u00e9nements et comp\u00e9titions de kitesurf et windsurf. *le D\u00e9fi-Wind et le D\u00e9fi-Kite &#8211; 1200 participants pour le windsurf et 400 pour le kitesurf, amateurs [&hellip;]","og_url":"https:\/\/lapoussada.com\/de\/evenements-de-glisse\/","og_site_name":"La Poussada","article_published_time":"2020-04-20T15:27:21+00:00","article_modified_time":"2020-05-14T10:03:33+00:00","og_image":[{"width":1024,"height":1021,"url":"https:\/\/lapoussada.com\/wp-content\/uploads\/2020\/04\/defi-kite-gruissan.jpg","type":"image\/jpeg"}],"author":"Compte","twitter_card":"summary_large_image","twitter_misc":{"Verfasst von":"Compte","Gesch\u00e4tzte Lesezeit":"1\u00a0Minute"},"schema":{"@context":"https:\/\/schema.org","@graph":[{"@type":"Article","@id":"https:\/\/lapoussada.com\/evenements-de-glisse\/#article","isPartOf":{"@id":"https:\/\/lapoussada.com\/evenements-de-glisse\/"},"author":{"name":"Compte","@id":"https:\/\/lapoussada.com\/#\/schema\/person\/a464b777f532bbbd699c97b6cb6c9c8a"},"headline":"\u00c9v\u00e9nements de Glisse","datePublished":"2020-04-20T15:27:21+00:00","dateModified":"2020-05-14T10:03:33+00:00","mainEntityOfPage":{"@id":"https:\/\/lapoussada.com\/evenements-de-glisse\/"},"wordCount":169,"commentCount":0,"image":{"@id":"https:\/\/lapoussada.com\/evenements-de-glisse\/#primaryimage"},"thumbnailUrl":"https:\/\/lapoussada.com\/wp-content\/uploads\/2020\/04\/defi-kite-gruissan.jpg","articleSection":["Kite","Nature","Non class\u00e9","Sport","Windsurf"],"inLanguage":"de","potentialAction":[{"@type":"CommentAction","name":"Comment","target":["https:\/\/lapoussada.com\/evenements-de-glisse\/#respond"]}]},{"@type":"WebPage","@id":"https:\/\/lapoussada.com\/evenements-de-glisse\/","url":"https:\/\/lapoussada.com\/evenements-de-glisse\/","name":"Gleitende Ereignisse - La Poussada","isPartOf":{"@id":"https:\/\/lapoussada.com\/#website"},"primaryImageOfPage":{"@id":"https:\/\/lapoussada.com\/evenements-de-glisse\/#primaryimage"},"image":{"@id":"https:\/\/lapoussada.com\/evenements-de-glisse\/#primaryimage"},"thumbnailUrl":"https:\/\/lapoussada.com\/wp-content\/uploads\/2020\/04\/defi-kite-gruissan.jpg","datePublished":"2020-04-20T15:27:21+00:00","dateModified":"2020-05-14T10:03:33+00:00","author":{"@id":"https:\/\/lapoussada.com\/#\/schema\/person\/a464b777f532bbbd699c97b6cb6c9c8a"},"breadcrumb":{"@id":"https:\/\/lapoussada.com\/evenements-de-glisse\/#breadcrumb"},"inLanguage":"de","potentialAction":[{"@type":"ReadAction","target":["https:\/\/lapoussada.com\/evenements-de-glisse\/"]}]},{"@type":"ImageObject","inLanguage":"de","@id":"https:\/\/lapoussada.com\/evenements-de-glisse\/#primaryimage","url":"https:\/\/lapoussada.com\/wp-content\/uploads\/2020\/04\/defi-kite-gruissan.jpg","contentUrl":"https:\/\/lapoussada.com\/wp-content\/uploads\/2020\/04\/defi-kite-gruissan.jpg","width":1024,"height":1021},{"@type":"BreadcrumbList","@id":"https:\/\/lapoussada.com\/evenements-de-glisse\/#breadcrumb","itemListElement":[{"@type":"ListItem","position":1,"name":"Accueil","item":"https:\/\/lapoussada.com\/"},{"@type":"ListItem","position":2,"name":"\u00c9v\u00e9nements de Glisse"}]},{"@type":"WebSite","@id":"https:\/\/lapoussada.com\/#website","url":"https:\/\/lapoussada.com\/","name":"Die Poussada","description":"\u00d6kologische Ferienwohnungen zu mieten in La Palme, Aude","potentialAction":[{"@type":"SearchAction","target":{"@type":"EntryPoint","urlTemplate":"https:\/\/lapoussada.com\/?s={search_term_string}"},"query-input":{"@type":"PropertyValueSpecification","valueRequired":true,"valueName":"search_term_string"}}],"inLanguage":"de"},{"@type":"Person","@id":"https:\/\/lapoussada.com\/#\/schema\/person\/a464b777f532bbbd699c97b6cb6c9c8a","name":"Konto","image":{"@type":"ImageObject","inLanguage":"de","@id":"https:\/\/secure.gravatar.com\/avatar\/110b9338127771e904735ac929413d05bf967b1b85b591d3208477d2c604f786?s=96&d=mm&r=g","url":"https:\/\/secure.gravatar.com\/avatar\/110b9338127771e904735ac929413d05bf967b1b85b591d3208477d2c604f786?s=96&d=mm&r=g","contentUrl":"https:\/\/secure.gravatar.com\/avatar\/110b9338127771e904735ac929413d05bf967b1b85b591d3208477d2c604f786?s=96&d=mm&r=g","caption":"Compte"},"url":"https:\/\/lapoussada.com\/de\/author\/admin9195\/"}]}},"builder_content":"[gallery ids=\"1308\"]","_links":{"self":[{"href":"https:\/\/lapoussada.com\/de\/wp-json\/wp\/v2\/posts\/1156","targetHints":{"allow":["GET"]}}],"collection":[{"href":"https:\/\/lapoussada.com\/de\/wp-json\/wp\/v2\/posts"}],"about":[{"href":"https:\/\/lapoussada.com\/de\/wp-json\/wp\/v2\/types\/post"}],"author":[{"embeddable":true,"href":"https:\/\/lapoussada.com\/de\/wp-json\/wp\/v2\/users\/1"}],"replies":[{"embeddable":true,"href":"https:\/\/lapoussada.com\/de\/wp-json\/wp\/v2\/comments?post=1156"}],"version-history":[{"count":5,"href":"https:\/\/lapoussada.com\/de\/wp-json\/wp\/v2\/posts\/1156\/revisions"}],"predecessor-version":[{"id":1309,"href":"https:\/\/lapoussada.com\/de\/wp-json\/wp\/v2\/posts\/1156\/revisions\/1309"}],"wp:featuredmedia":[{"embeddable":true,"href":"https:\/\/lapoussada.com\/de\/wp-json\/wp\/v2\/media\/1157"}],"wp:attachment":[{"href":"https:\/\/lapoussada.com\/de\/wp-json\/wp\/v2\/media?parent=1156"}],"wp:term":[{"taxonomy":"category","embeddable":true,"href":"https:\/\/lapoussada.com\/de\/wp-json\/wp\/v2\/categories?post=1156"},{"taxonomy":"post_tag","embeddable":true,"href":"https:\/\/lapoussada.com\/de\/wp-json\/wp\/v2\/tags?post=1156"}],"curies":[{"name":"wp","href":"https:\/\/api.w.org\/{rel}","templated":true}]}}